{"id":2460,"date":"2022-05-23T14:26:23","date_gmt":"2022-05-23T12:26:23","guid":{"rendered":"https:\/\/iam.tugraz.at\/main-website\/?p=2460"},"modified":"2022-06-23T14:36:26","modified_gmt":"2022-06-23T12:36:26","slug":"workshop-zagreb-2019","status":"publish","type":"post","link":"https:\/\/iam.tugraz.at\/main-website\/workshop-zagreb-2019\/","title":{"rendered":"Workshop Zagreb 2019"},"content":{"rendered":"<p><strong>Shell Puzzle<\/strong><\/p>\n<p>\u201dWorkshop: Parametric Modelling and Digital Fabrication\u201d , Universit\u00e4t Zagreb (Kroatien),<br \/>\nvom 23. 4. \u2013 27. 4. 2019, geleitet von\u00a0<a href=\"https:\/\/iam.tugraz.at\/main-website\/team\/stavric-milena\/\">Milena Stavric<\/a>\u00a0and\u00a0<a href=\"https:\/\/iam.tugraz.at\/main-website\/team\/wiltsche-albert\/\">Albert Wiltsche<\/a>.<\/p>\n<p>In diesem Workshop wurden die Studierenden in das Gebiet des parametrischen Modellierens und in die CNC-Fabrikation mit einem Laser-Cutter eingef\u00fchrt.<\/p>\n<p>Der Schwerpunkt lag in der Entwicklung von parametrischen Entw\u00fcrfen von verschiedensten architektonischen Formen, vom Pavillon bis zu Fassaden-Elementen. Verwendet wurden dazu geeignete geometrische Fl\u00e4chen, wie z.B. Schieb- und Drehfl\u00e4chen (mit und ohne non-uniform Skalierung) und nat\u00fcrlich auch passende allgemeine NURBS-Fl\u00e4chen.<\/p>\n<p>Die Fl\u00e4chen wurden am Computer mit Hilfe eines CAD-Programmes generiert, diskretisiert und f\u00fcr den Laser-Cutter vorbereitet. Nach der Fabrikation wurden die Einzelteile h\u00e4ndisch miteinander verklebt und die fertigen Modelle in einer Ausstellung an der Universit\u00e4t Zagreb pr\u00e4sentiert.<\/p>\n","protected":false},"excerpt":{"rendered":"<p>Shell Puzzle \u201dWorkshop: Parametric Modelling and Digital Fabrication\u201d , Universit\u00e4t Zagreb (Kroatien), vom 23. 4. \u2013 27. 4. 2019, geleitet von\u00a0Milena Stavric\u00a0and\u00a0Albert Wiltsche. In diesem Workshop wurden die Studierenden in das Gebiet des parametrischen Modellierens und in die CNC-Fabrikation mit einem Laser-Cutter eingef\u00fchrt. Der Schwerpunkt lag in der Entwicklung von parametrischen Entw\u00fcrfen von verschiedensten architektonischen<a class=\"read-more\" href=\"https:\/\/iam.tugraz.at\/main-website\/workshop-zagreb-2019\/\"> [&#8230;]<\/a><\/p>\n","protected":false},"author":2,"featured_media":2461,"comment_status":"open","ping_status":"open","sticky":false,"template":"","format":"standard","meta":{"_acf_changed":false,"footnotes":""},"categories":[82],"tags":[],"class_list":["post-2460","post","type-post","status-publish","format-standard","has-post-thumbnail","hentry","category-veranstaltung"],"acf":[],"yoast_head":"<!-- This site is optimized with the Yoast SEO plugin v27.4 - https:\/\/yoast.com\/product\/yoast-seo-wordpress\/ -->\n<title>Workshop Zagreb 2019 - IAM Webseite<\/title>\n<meta name=\"robots\" content=\"index, follow, max-snippet:-1, max-image-preview:large, max-video-preview:-1\" \/>\n<link rel=\"canonical\" href=\"https:\/\/iam.tugraz.at\/main-website\/workshop-zagreb-2019\/\" \/>\n<meta property=\"og:locale\" content=\"de_DE\" \/>\n<meta property=\"og:type\" content=\"article\" \/>\n<meta property=\"og:title\" content=\"Workshop Zagreb 2019 - IAM Webseite\" \/>\n<meta property=\"og:description\" content=\"Shell Puzzle \u201dWorkshop: Parametric Modelling and Digital Fabrication\u201d , Universit\u00e4t Zagreb (Kroatien), vom 23. 4. \u2013 27. 4. 2019, geleitet von\u00a0Milena Stavric\u00a0and\u00a0Albert Wiltsche. In diesem Workshop wurden die Studierenden in das Gebiet des parametrischen Modellierens und in die CNC-Fabrikation mit einem Laser-Cutter eingef\u00fchrt. Der Schwerpunkt lag in der Entwicklung von parametrischen Entw\u00fcrfen von verschiedensten architektonischen [...]\" \/>\n<meta property=\"og:url\" content=\"https:\/\/iam.tugraz.at\/main-website\/workshop-zagreb-2019\/\" \/>\n<meta property=\"og:site_name\" content=\"IAM Webseite\" \/>\n<meta property=\"article:publisher\" content=\"https:\/\/www.instagram.com\/iam_tugraz\/\" \/>\n<meta property=\"article:published_time\" content=\"2022-05-23T12:26:23+00:00\" \/>\n<meta property=\"article:modified_time\" content=\"2022-06-23T12:36:26+00:00\" \/>\n<meta property=\"og:image\" content=\"https:\/\/iam.tugraz.at\/main-website\/wp-content\/uploads\/2022\/06\/ZagWS19_01-400x267-1.jpg\" \/>\n\t<meta property=\"og:image:width\" content=\"400\" \/>\n\t<meta property=\"og:image:height\" content=\"267\" \/>\n\t<meta property=\"og:image:type\" content=\"image\/jpeg\" \/>\n<meta name=\"author\" content=\"Albert Wiltsche\" \/>\n<meta name=\"twitter:card\" content=\"summary_large_image\" \/>\n<meta name=\"twitter:label1\" content=\"Verfasst von\" \/>\n\t<meta name=\"twitter:data1\" content=\"Albert Wiltsche\" \/>\n\t<meta name=\"twitter:label2\" content=\"Gesch\u00e4tzte Lesezeit\" \/>\n\t<meta name=\"twitter:data2\" content=\"1\u00a0Minute\" \/>\n<script type=\"application\/ld+json\" class=\"yoast-schema-graph\">{\"@context\":\"https:\\\/\\\/schema.org\",\"@graph\":[{\"@type\":\"Article\",\"@id\":\"https:\\\/\\\/iam.tugraz.at\\\/main-website\\\/workshop-zagreb-2019\\\/#article\",\"isPartOf\":{\"@id\":\"https:\\\/\\\/iam.tugraz.at\\\/main-website\\\/workshop-zagreb-2019\\\/\"},\"author\":{\"name\":\"Albert Wiltsche\",\"@id\":\"https:\\\/\\\/iam.tugraz.at\\\/main-website\\\/#\\\/schema\\\/person\\\/659f36bcc3e9ea408aa4297908a6ec86\"},\"headline\":\"Workshop Zagreb 2019\",\"datePublished\":\"2022-05-23T12:26:23+00:00\",\"dateModified\":\"2022-06-23T12:36:26+00:00\",\"mainEntityOfPage\":{\"@id\":\"https:\\\/\\\/iam.tugraz.at\\\/main-website\\\/workshop-zagreb-2019\\\/\"},\"wordCount\":131,\"commentCount\":0,\"publisher\":{\"@id\":\"https:\\\/\\\/iam.tugraz.at\\\/main-website\\\/#organization\"},\"image\":{\"@id\":\"https:\\\/\\\/iam.tugraz.at\\\/main-website\\\/workshop-zagreb-2019\\\/#primaryimage\"},\"thumbnailUrl\":\"https:\\\/\\\/iam.tugraz.at\\\/main-website\\\/wp-content\\\/uploads\\\/2022\\\/06\\\/ZagWS19_01-400x267-1.jpg\",\"articleSection\":[\"Veranstaltung\"],\"inLanguage\":\"de\",\"potentialAction\":[{\"@type\":\"CommentAction\",\"name\":\"Comment\",\"target\":[\"https:\\\/\\\/iam.tugraz.at\\\/main-website\\\/workshop-zagreb-2019\\\/#respond\"]}]},{\"@type\":\"WebPage\",\"@id\":\"https:\\\/\\\/iam.tugraz.at\\\/main-website\\\/workshop-zagreb-2019\\\/\",\"url\":\"https:\\\/\\\/iam.tugraz.at\\\/main-website\\\/workshop-zagreb-2019\\\/\",\"name\":\"Workshop Zagreb 2019 - IAM Webseite\",\"isPartOf\":{\"@id\":\"https:\\\/\\\/iam.tugraz.at\\\/main-website\\\/#website\"},\"primaryImageOfPage\":{\"@id\":\"https:\\\/\\\/iam.tugraz.at\\\/main-website\\\/workshop-zagreb-2019\\\/#primaryimage\"},\"image\":{\"@id\":\"https:\\\/\\\/iam.tugraz.at\\\/main-website\\\/workshop-zagreb-2019\\\/#primaryimage\"},\"thumbnailUrl\":\"https:\\\/\\\/iam.tugraz.at\\\/main-website\\\/wp-content\\\/uploads\\\/2022\\\/06\\\/ZagWS19_01-400x267-1.jpg\",\"datePublished\":\"2022-05-23T12:26:23+00:00\",\"dateModified\":\"2022-06-23T12:36:26+00:00\",\"breadcrumb\":{\"@id\":\"https:\\\/\\\/iam.tugraz.at\\\/main-website\\\/workshop-zagreb-2019\\\/#breadcrumb\"},\"inLanguage\":\"de\",\"potentialAction\":[{\"@type\":\"ReadAction\",\"target\":[\"https:\\\/\\\/iam.tugraz.at\\\/main-website\\\/workshop-zagreb-2019\\\/\"]}]},{\"@type\":\"ImageObject\",\"inLanguage\":\"de\",\"@id\":\"https:\\\/\\\/iam.tugraz.at\\\/main-website\\\/workshop-zagreb-2019\\\/#primaryimage\",\"url\":\"https:\\\/\\\/iam.tugraz.at\\\/main-website\\\/wp-content\\\/uploads\\\/2022\\\/06\\\/ZagWS19_01-400x267-1.jpg\",\"contentUrl\":\"https:\\\/\\\/iam.tugraz.at\\\/main-website\\\/wp-content\\\/uploads\\\/2022\\\/06\\\/ZagWS19_01-400x267-1.jpg\",\"width\":400,\"height\":267},{\"@type\":\"BreadcrumbList\",\"@id\":\"https:\\\/\\\/iam.tugraz.at\\\/main-website\\\/workshop-zagreb-2019\\\/#breadcrumb\",\"itemListElement\":[{\"@type\":\"ListItem\",\"position\":1,\"name\":\"Home\",\"item\":\"https:\\\/\\\/iam.tugraz.at\\\/main-website\\\/\"},{\"@type\":\"ListItem\",\"position\":2,\"name\":\"Workshop Zagreb 2019\"}]},{\"@type\":\"WebSite\",\"@id\":\"https:\\\/\\\/iam.tugraz.at\\\/main-website\\\/#website\",\"url\":\"https:\\\/\\\/iam.tugraz.at\\\/main-website\\\/\",\"name\":\"IAM Webseite\",\"description\":\"Website des TU Graz Instituts f\u00fcr Architektur und Medien\",\"publisher\":{\"@id\":\"https:\\\/\\\/iam.tugraz.at\\\/main-website\\\/#organization\"},\"potentialAction\":[{\"@type\":\"SearchAction\",\"target\":{\"@type\":\"EntryPoint\",\"urlTemplate\":\"https:\\\/\\\/iam.tugraz.at\\\/main-website\\\/?s={search_term_string}\"},\"query-input\":{\"@type\":\"PropertyValueSpecification\",\"valueRequired\":true,\"valueName\":\"search_term_string\"}}],\"inLanguage\":\"de\"},{\"@type\":\"Organization\",\"@id\":\"https:\\\/\\\/iam.tugraz.at\\\/main-website\\\/#organization\",\"name\":\"Graz University of Technology, Institute of Architecture and Media\",\"url\":\"https:\\\/\\\/iam.tugraz.at\\\/main-website\\\/\",\"logo\":{\"@type\":\"ImageObject\",\"inLanguage\":\"de\",\"@id\":\"https:\\\/\\\/iam.tugraz.at\\\/main-website\\\/#\\\/schema\\\/logo\\\/image\\\/\",\"url\":\"https:\\\/\\\/iam.tugraz.at\\\/main-website\\\/wp-content\\\/uploads\\\/2026\\\/03\\\/IAM-Logo.png\",\"contentUrl\":\"https:\\\/\\\/iam.tugraz.at\\\/main-website\\\/wp-content\\\/uploads\\\/2026\\\/03\\\/IAM-Logo.png\",\"width\":2484,\"height\":2484,\"caption\":\"Graz University of Technology, Institute of Architecture and Media\"},\"image\":{\"@id\":\"https:\\\/\\\/iam.tugraz.at\\\/main-website\\\/#\\\/schema\\\/logo\\\/image\\\/\"},\"sameAs\":[\"https:\\\/\\\/www.instagram.com\\\/iam_tugraz\\\/\"]},{\"@type\":\"Person\",\"@id\":\"https:\\\/\\\/iam.tugraz.at\\\/main-website\\\/#\\\/schema\\\/person\\\/659f36bcc3e9ea408aa4297908a6ec86\",\"name\":\"Albert Wiltsche\",\"image\":{\"@type\":\"ImageObject\",\"inLanguage\":\"de\",\"@id\":\"https:\\\/\\\/secure.gravatar.com\\\/avatar\\\/8cd6e9689c6e3a91ad4b8ac8fce2062e8eeb7d82845f6e8f17b0cab3e9458174?s=96&d=mm&r=g\",\"url\":\"https:\\\/\\\/secure.gravatar.com\\\/avatar\\\/8cd6e9689c6e3a91ad4b8ac8fce2062e8eeb7d82845f6e8f17b0cab3e9458174?s=96&d=mm&r=g\",\"contentUrl\":\"https:\\\/\\\/secure.gravatar.com\\\/avatar\\\/8cd6e9689c6e3a91ad4b8ac8fce2062e8eeb7d82845f6e8f17b0cab3e9458174?s=96&d=mm&r=g\",\"caption\":\"Albert Wiltsche\"},\"url\":\"https:\\\/\\\/iam.tugraz.at\\\/main-website\\\/author\\\/albert\\\/\"}]}<\/script>\n<!-- \/ Yoast SEO plugin. -->","yoast_head_json":{"title":"Workshop Zagreb 2019 - IAM Webseite","robots":{"index":"index","follow":"follow","max-snippet":"max-snippet:-1","max-image-preview":"max-image-preview:large","max-video-preview":"max-video-preview:-1"},"canonical":"https:\/\/iam.tugraz.at\/main-website\/workshop-zagreb-2019\/","og_locale":"de_DE","og_type":"article","og_title":"Workshop Zagreb 2019 - IAM Webseite","og_description":"Shell Puzzle \u201dWorkshop: Parametric Modelling and Digital Fabrication\u201d , Universit\u00e4t Zagreb (Kroatien), vom 23. 4. \u2013 27. 4. 2019, geleitet von\u00a0Milena Stavric\u00a0and\u00a0Albert Wiltsche. In diesem Workshop wurden die Studierenden in das Gebiet des parametrischen Modellierens und in die CNC-Fabrikation mit einem Laser-Cutter eingef\u00fchrt. Der Schwerpunkt lag in der Entwicklung von parametrischen Entw\u00fcrfen von verschiedensten architektonischen [...]","og_url":"https:\/\/iam.tugraz.at\/main-website\/workshop-zagreb-2019\/","og_site_name":"IAM Webseite","article_publisher":"https:\/\/www.instagram.com\/iam_tugraz\/","article_published_time":"2022-05-23T12:26:23+00:00","article_modified_time":"2022-06-23T12:36:26+00:00","og_image":[{"width":400,"height":267,"url":"https:\/\/iam.tugraz.at\/main-website\/wp-content\/uploads\/2022\/06\/ZagWS19_01-400x267-1.jpg","type":"image\/jpeg"}],"author":"Albert Wiltsche","twitter_card":"summary_large_image","twitter_misc":{"Verfasst von":"Albert Wiltsche","Gesch\u00e4tzte Lesezeit":"1\u00a0Minute"},"schema":{"@context":"https:\/\/schema.org","@graph":[{"@type":"Article","@id":"https:\/\/iam.tugraz.at\/main-website\/workshop-zagreb-2019\/#article","isPartOf":{"@id":"https:\/\/iam.tugraz.at\/main-website\/workshop-zagreb-2019\/"},"author":{"name":"Albert Wiltsche","@id":"https:\/\/iam.tugraz.at\/main-website\/#\/schema\/person\/659f36bcc3e9ea408aa4297908a6ec86"},"headline":"Workshop Zagreb 2019","datePublished":"2022-05-23T12:26:23+00:00","dateModified":"2022-06-23T12:36:26+00:00","mainEntityOfPage":{"@id":"https:\/\/iam.tugraz.at\/main-website\/workshop-zagreb-2019\/"},"wordCount":131,"commentCount":0,"publisher":{"@id":"https:\/\/iam.tugraz.at\/main-website\/#organization"},"image":{"@id":"https:\/\/iam.tugraz.at\/main-website\/workshop-zagreb-2019\/#primaryimage"},"thumbnailUrl":"https:\/\/iam.tugraz.at\/main-website\/wp-content\/uploads\/2022\/06\/ZagWS19_01-400x267-1.jpg","articleSection":["Veranstaltung"],"inLanguage":"de","potentialAction":[{"@type":"CommentAction","name":"Comment","target":["https:\/\/iam.tugraz.at\/main-website\/workshop-zagreb-2019\/#respond"]}]},{"@type":"WebPage","@id":"https:\/\/iam.tugraz.at\/main-website\/workshop-zagreb-2019\/","url":"https:\/\/iam.tugraz.at\/main-website\/workshop-zagreb-2019\/","name":"Workshop Zagreb 2019 - IAM Webseite","isPartOf":{"@id":"https:\/\/iam.tugraz.at\/main-website\/#website"},"primaryImageOfPage":{"@id":"https:\/\/iam.tugraz.at\/main-website\/workshop-zagreb-2019\/#primaryimage"},"image":{"@id":"https:\/\/iam.tugraz.at\/main-website\/workshop-zagreb-2019\/#primaryimage"},"thumbnailUrl":"https:\/\/iam.tugraz.at\/main-website\/wp-content\/uploads\/2022\/06\/ZagWS19_01-400x267-1.jpg","datePublished":"2022-05-23T12:26:23+00:00","dateModified":"2022-06-23T12:36:26+00:00","breadcrumb":{"@id":"https:\/\/iam.tugraz.at\/main-website\/workshop-zagreb-2019\/#breadcrumb"},"inLanguage":"de","potentialAction":[{"@type":"ReadAction","target":["https:\/\/iam.tugraz.at\/main-website\/workshop-zagreb-2019\/"]}]},{"@type":"ImageObject","inLanguage":"de","@id":"https:\/\/iam.tugraz.at\/main-website\/workshop-zagreb-2019\/#primaryimage","url":"https:\/\/iam.tugraz.at\/main-website\/wp-content\/uploads\/2022\/06\/ZagWS19_01-400x267-1.jpg","contentUrl":"https:\/\/iam.tugraz.at\/main-website\/wp-content\/uploads\/2022\/06\/ZagWS19_01-400x267-1.jpg","width":400,"height":267},{"@type":"BreadcrumbList","@id":"https:\/\/iam.tugraz.at\/main-website\/workshop-zagreb-2019\/#breadcrumb","itemListElement":[{"@type":"ListItem","position":1,"name":"Home","item":"https:\/\/iam.tugraz.at\/main-website\/"},{"@type":"ListItem","position":2,"name":"Workshop Zagreb 2019"}]},{"@type":"WebSite","@id":"https:\/\/iam.tugraz.at\/main-website\/#website","url":"https:\/\/iam.tugraz.at\/main-website\/","name":"IAM Webseite","description":"Website des TU Graz Instituts f\u00fcr Architektur und Medien","publisher":{"@id":"https:\/\/iam.tugraz.at\/main-website\/#organization"},"potentialAction":[{"@type":"SearchAction","target":{"@type":"EntryPoint","urlTemplate":"https:\/\/iam.tugraz.at\/main-website\/?s={search_term_string}"},"query-input":{"@type":"PropertyValueSpecification","valueRequired":true,"valueName":"search_term_string"}}],"inLanguage":"de"},{"@type":"Organization","@id":"https:\/\/iam.tugraz.at\/main-website\/#organization","name":"Graz University of Technology, Institute of Architecture and Media","url":"https:\/\/iam.tugraz.at\/main-website\/","logo":{"@type":"ImageObject","inLanguage":"de","@id":"https:\/\/iam.tugraz.at\/main-website\/#\/schema\/logo\/image\/","url":"https:\/\/iam.tugraz.at\/main-website\/wp-content\/uploads\/2026\/03\/IAM-Logo.png","contentUrl":"https:\/\/iam.tugraz.at\/main-website\/wp-content\/uploads\/2026\/03\/IAM-Logo.png","width":2484,"height":2484,"caption":"Graz University of Technology, Institute of Architecture and Media"},"image":{"@id":"https:\/\/iam.tugraz.at\/main-website\/#\/schema\/logo\/image\/"},"sameAs":["https:\/\/www.instagram.com\/iam_tugraz\/"]},{"@type":"Person","@id":"https:\/\/iam.tugraz.at\/main-website\/#\/schema\/person\/659f36bcc3e9ea408aa4297908a6ec86","name":"Albert Wiltsche","image":{"@type":"ImageObject","inLanguage":"de","@id":"https:\/\/secure.gravatar.com\/avatar\/8cd6e9689c6e3a91ad4b8ac8fce2062e8eeb7d82845f6e8f17b0cab3e9458174?s=96&d=mm&r=g","url":"https:\/\/secure.gravatar.com\/avatar\/8cd6e9689c6e3a91ad4b8ac8fce2062e8eeb7d82845f6e8f17b0cab3e9458174?s=96&d=mm&r=g","contentUrl":"https:\/\/secure.gravatar.com\/avatar\/8cd6e9689c6e3a91ad4b8ac8fce2062e8eeb7d82845f6e8f17b0cab3e9458174?s=96&d=mm&r=g","caption":"Albert Wiltsche"},"url":"https:\/\/iam.tugraz.at\/main-website\/author\/albert\/"}]}},"_links":{"self":[{"href":"https:\/\/iam.tugraz.at\/main-website\/wp-json\/wp\/v2\/posts\/2460","targetHints":{"allow":["GET"]}}],"collection":[{"href":"https:\/\/iam.tugraz.at\/main-website\/wp-json\/wp\/v2\/posts"}],"about":[{"href":"https:\/\/iam.tugraz.at\/main-website\/wp-json\/wp\/v2\/types\/post"}],"author":[{"embeddable":true,"href":"https:\/\/iam.tugraz.at\/main-website\/wp-json\/wp\/v2\/users\/2"}],"replies":[{"embeddable":true,"href":"https:\/\/iam.tugraz.at\/main-website\/wp-json\/wp\/v2\/comments?post=2460"}],"version-history":[{"count":3,"href":"https:\/\/iam.tugraz.at\/main-website\/wp-json\/wp\/v2\/posts\/2460\/revisions"}],"predecessor-version":[{"id":2653,"href":"https:\/\/iam.tugraz.at\/main-website\/wp-json\/wp\/v2\/posts\/2460\/revisions\/2653"}],"wp:featuredmedia":[{"embeddable":true,"href":"https:\/\/iam.tugraz.at\/main-website\/wp-json\/wp\/v2\/media\/2461"}],"wp:attachment":[{"href":"https:\/\/iam.tugraz.at\/main-website\/wp-json\/wp\/v2\/media?parent=2460"}],"wp:term":[{"taxonomy":"category","embeddable":true,"href":"https:\/\/iam.tugraz.at\/main-website\/wp-json\/wp\/v2\/categories?post=2460"},{"taxonomy":"post_tag","embeddable":true,"href":"https:\/\/iam.tugraz.at\/main-website\/wp-json\/wp\/v2\/tags?post=2460"}],"curies":[{"name":"wp","href":"https:\/\/api.w.org\/{rel}","templated":true}]}}